{"id":199,"date":"2023-04-09T12:53:51","date_gmt":"2023-04-09T12:53:51","guid":{"rendered":"http:\/\/do-handmade.pl\/?p=199"},"modified":"2023-04-09T12:53:51","modified_gmt":"2023-04-09T12:53:51","slug":"broszko-wisior-fala-z-bursztynem","status":"publish","type":"post","link":"http:\/\/do-handmade.pl\/?p=199","title":{"rendered":"Broszko &#8211; wisior fala z bursztynem"},"content":{"rendered":"\n<p>Broszko &#8211; wisior gdy fala przynosi nam bursztynki \ud83d\ude42 <\/p>\n\n\n\n<p>Broszko &#8211; wisior wykonany w technice haftu koralikowego z najwy\u017cszej jako\u015bci koralik\u00f3w Toho i Miyuki. Ty\u0142 broszki wyko\u0144czony ekologiczn\u0105 sk\u00f3rk\u0105.<\/p>\n\n\n\n<figure class=\"wp-block-image size-large\"><img loading=\"lazy\" width=\"855\" height=\"1024\" src=\"http:\/\/do-handmade.pl\/wp-content\/uploads\/2023\/04\/broszka-fala-zlote-slonce-855x1024.jpg\" alt=\"\" class=\"wp-image-200\" srcset=\"http:\/\/do-handmade.pl\/wp-content\/uploads\/2023\/04\/broszka-fala-zlote-slonce-855x1024.jpg 855w, http:\/\/do-handmade.pl\/wp-content\/uploads\/2023\/04\/broszka-fala-zlote-slonce-250x300.jpg 250w, http:\/\/do-handmade.pl\/wp-content\/uploads\/2023\/04\/broszka-fala-zlote-slonce-768x920.jpg 768w, http:\/\/do-handmade.pl\/wp-content\/uploads\/2023\/04\/broszka-fala-zlote-slonce-1282x1536.jpg 1282w, http:\/\/do-handmade.pl\/wp-content\/uploads\/2023\/04\/broszka-fala-zlote-slonce-1710x2048.jpg 1710w, http:\/\/do-handmade.pl\/wp-content\/uploads\/2023\/04\/broszka-fala-zlote-slonce-1140x1366.jpg 1140w\" sizes=\"(max-width: 855px) 100vw, 855px\" \/><\/figure>\n\n\n\n<figure class=\"wp-block-image size-large\"><img loading=\"lazy\" width=\"843\" height=\"1024\" src=\"http:\/\/do-handmade.pl\/wp-content\/uploads\/2023\/04\/broszka-fala-zlote-slonce-tyl-843x1024.jpg\" alt=\"\" class=\"wp-image-201\" srcset=\"http:\/\/do-handmade.pl\/wp-content\/uploads\/2023\/04\/broszka-fala-zlote-slonce-tyl-843x1024.jpg 843w, http:\/\/do-handmade.pl\/wp-content\/uploads\/2023\/04\/broszka-fala-zlote-slonce-tyl-247x300.jpg 247w, http:\/\/do-handmade.pl\/wp-content\/uploads\/2023\/04\/broszka-fala-zlote-slonce-tyl-768x933.jpg 768w, http:\/\/do-handmade.pl\/wp-content\/uploads\/2023\/04\/broszka-fala-zlote-slonce-tyl-1265x1536.jpg 1265w, http:\/\/do-handmade.pl\/wp-content\/uploads\/2023\/04\/broszka-fala-zlote-slonce-tyl-1686x2048.jpg 1686w, http:\/\/do-handmade.pl\/wp-content\/uploads\/2023\/04\/broszka-fala-zlote-slonce-tyl-1140x1384.jpg 1140w\" sizes=\"(max-width: 843px) 100vw, 843px\" \/><\/figure>\n","protected":false},"excerpt":{"rendered":"<p>Broszko &#8211; wisior gdy fala przynosi nam bursztynki \ud83d\ude42 Broszko &#8211; wisior wykonany w technice haftu koralikowego z najwy\u017cszej jako\u015bci koralik\u00f3w Toho i Miyuki. Ty\u0142 broszki wyko\u0144czony ekologiczn\u0105 sk\u00f3rk\u0105.<\/p>\n","protected":false},"author":1,"featured_media":200,"comment_status":"closed","ping_status":"open","sticky":true,"template":"","format":"standard","meta":[],"categories":[6,1],"tags":[13,30,29,28],"_links":{"self":[{"href":"http:\/\/do-handmade.pl\/index.php?rest_route=\/wp\/v2\/posts\/199"}],"collection":[{"href":"http:\/\/do-handmade.pl\/index.php?rest_route=\/wp\/v2\/posts"}],"about":[{"href":"http:\/\/do-handmade.pl\/index.php?rest_route=\/wp\/v2\/types\/post"}],"author":[{"embeddable":true,"href":"http:\/\/do-handmade.pl\/index.php?rest_route=\/wp\/v2\/users\/1"}],"replies":[{"embeddable":true,"href":"http:\/\/do-handmade.pl\/index.php?rest_route=%2Fwp%2Fv2%2Fcomments&post=199"}],"version-history":[{"count":1,"href":"http:\/\/do-handmade.pl\/index.php?rest_route=\/wp\/v2\/posts\/199\/revisions"}],"predecessor-version":[{"id":202,"href":"http:\/\/do-handmade.pl\/index.php?rest_route=\/wp\/v2\/posts\/199\/revisions\/202"}],"wp:featuredmedia":[{"embeddable":true,"href":"http:\/\/do-handmade.pl\/index.php?rest_route=\/wp\/v2\/media\/200"}],"wp:attachment":[{"href":"http:\/\/do-handmade.pl\/index.php?rest_route=%2Fwp%2Fv2%2Fmedia&parent=199"}],"wp:term":[{"taxonomy":"category","embeddable":true,"href":"http:\/\/do-handmade.pl\/index.php?rest_route=%2Fwp%2Fv2%2Fcategories&post=199"},{"taxonomy":"post_tag","embeddable":true,"href":"http:\/\/do-handmade.pl\/index.php?rest_route=%2Fwp%2Fv2%2Ftags&post=199"}],"curies":[{"name":"wp","href":"https:\/\/api.w.org\/{rel}","templated":true}]}}